{"id":2391,"date":"2025-01-14T17:33:50","date_gmt":"2025-01-14T15:33:50","guid":{"rendered":"https:\/\/ingreenspain.es\/?p=2391"},"modified":"2025-01-15T12:27:47","modified_gmt":"2025-01-15T10:27:47","slug":"vier-doerfer-im-gruenen-spanien-mit-viel-charme-die-nach-holz-duften","status":"publish","type":"post","link":"https:\/\/ingreenspain.es\/de\/vier-doerfer-im-gruenen-spanien-mit-viel-charme-die-nach-holz-duften\/","title":{"rendered":"Vier D\u00f6rfer im Gr\u00fcnen Spanien mit (viel) Charme, die nach Holz duften"},"content":{"rendered":"<p>M\u00f6chten Sie gem\u00fctliche D\u00f6rfer entdecken, um sich mit der Natur zu verbinden? Wandern Sie gerne und erkunden Sie das l\u00e4ndliche Erbe unserer Vorfahren? Suchen Sie nach bezaubernden Orten, um Ihre Instagram-Follower zu beeindrucken? Wir haben vier D\u00f6rfer im Gr\u00fcnen Spanien mit unwiderstehlichem Charme ausgew\u00e4hlt, die sowohl im Winter als auch im Sommer genossen werden k\u00f6nnen.<\/p>\n<h2><strong>Segura, Gipuzkoa (Euskadi)<\/strong><\/h2>\n<h3>Was man in Segura sehen kann<\/h3>\n<p><a href=\"https:\/\/tourismus.euskadi.eus\/de\/ortschaften\/segura\/webtur00-content\/de\/\" target=\"_blank\" rel=\"noopener\">Segura<\/a> entstand im 13. Jahrhundert und florierte 500 Jahre lang dank des Camino Real, der die M\u00e4rkte Kastiliens mit den H\u00e4fen des Kantabrischen Meeres verband. Dieser Weg f\u00fchrte durch das Dorf und f\u00fcllte es nat\u00fcrlich mit H\u00e4ndlern und Reisenden. Sp\u00e4ter wurden neue, weniger steile und schnellere Stra\u00dfen gebaut, um das Hochland mit dem Meer zu verbinden, wodurch seine Bedeutung schwand.<\/p>\n<p>Segura bewahrt noch immer aus seinen glorreichen Zeiten eine besondere Stadtstruktur (eine mittelalterliche Mandelform), zahlreiche Adelsgeb\u00e4ude, drei Zugangstore der alten Stadtmauern und eine imposante Kirche, die Kirche Unserer Lieben Frau von der Himmelfahrt, die mit einer befestigten Apsis an die Zeit erinnert, als die Stadt einer Burg \u00e4hnelte.<\/p>\n<p>Die Hauptstra\u00dfe, schmal und geneigt, wie es die Regeln vorschreiben, ist das beste Schaufenster des Dorfes, mit einer Vielzahl von Adelsgeb\u00e4uden und kleinen Pal\u00e4sten: das Guevara-Haus mit seinen Wasserspeiern; das barocke Balenzegi-Haus; das Ardixarra-Haus, ein Juwel mit einer robusten Holzkonstruktion, oder das Lardizabal-Haus, das heutige Rathaus, von dem man immer sagt, es k\u00f6nnte von einem Geist bewohnt werden.<\/p>\n<h3>Was man in der Umgebung von Segura tun kann<\/h3>\n<p>Der San-Adri\u00e1n-Tunnel im <a href=\"https:\/\/tourismus.euskadi.eus\/de\/naturgebiete\/naturpark-von-aizkorri-aratz\/webtur00-content\/de\/\" target=\"_blank\" rel=\"noopener\">Naturpark Aizkorri-Aratz<\/a> ist die Essenz von Segura: ein spektakul\u00e4rer Gebirgspass auf 1.000 Metern H\u00f6he, der Gipuzkoa mit der Ebene von \u00c1lava verbindet. Es lohnt sich, ihn (mit dem Auto und dann fast eine Stunde zu Fu\u00df) zu besuchen, um die mittelalterliche Stra\u00dfe, einen dichten Buchenwald und eine nat\u00fcrliche H\u00f6hle (den sogenannten Tunnel) zu entdecken, die von einigen Geb\u00e4uden bewohnt war, von denen heute nur noch eine bescheidene kleine Kapelle \u00fcbrig ist.<\/p>\n<p>Gelegen zwischen sanften Weiden und dominiert von einem charmanten Platz \u2013 auf dem der Jauregi-Palast mit seiner r\u00e4tselhaften Sonne aus Stein hervorsticht \u2013 ist das St\u00e4dtchen <a href=\"https:\/\/tourismus.euskadi.eus\/de\/ortschaften\/zerain\/webtur00-content\/de\/\" target=\"_blank\" rel=\"noopener\">Zerain<\/a> eine weitere Perle der Region Goierri in Gipuzkoa. Es besitzt ein Gef\u00e4ngnis aus dem 16. Jahrhundert und ein interessantes ethnografisches Museum, in dem Objekte, Gebr\u00e4uche und Traditionen des l\u00e4ndlichen Gipuzkoa gesammelt werden. Ganz in der N\u00e4he, in den Falten des Berges Aizpita, liegt ein weiterer gro\u00dfer Schatz: der Eisenberg mit seinen Kalkbrenn\u00f6fen.<\/p>\n<h2><strong>Carmona (Kantabrien)<\/strong><\/h2>\n<h3>Was man in Carmona sehen kann<\/h3>\n<p>Das Erste, was man in Carmona sehen sollte, ist zweifellos das Dorf selbst. Um seinen Charme zu verstehen, sollte man vom Saja-Flusstal aus ins Dorf fahren, \u00fcber die CA-182-Stra\u00dfe den H\u00fcgel hinaufsteigen und beim Abstieg an der Asomada del Ribero anhalten. Dieses H\u00e4userensemble, umgeben von einem gr\u00fcnen Teppich, ist Carmona, eines der sch\u00f6nsten D\u00f6rfer Spaniens.<\/p>\n<p>Dieses malerische Dorf, nahe dem Fluss Nansa gelegen und als Historisch-Artistisches Ensemble erkl\u00e4rt, erinnert an ein inneres Santillana del Mar durch seine exquisite Restaurierung und Erhaltung. Hier scheint die Zeit seit Jahrhunderten stillzustehen, und alles, bis hin zum letzten Maiskorn, das an Holzgel\u00e4ndern h\u00e4ngt, scheint der Vergangenheit anzugeh\u00f6ren.<\/p>\n<p>Man braucht keine Anweisungen, um Carmona zu erkunden \u2013 man l\u00e4sst sich einfach vom Duft des Holzes und der W\u00e4rme treiben. Bald taucht der weitl\u00e4ufige Mier-Palast auf, das skulpturale Denkmal f\u00fcr die Tudanca-Kuh (es ist auch nicht ungew\u00f6hnlich, echte Tudanca-K\u00fche auf den Feldern in der N\u00e4he des Dorfes zu sehen) und andere gro\u00dfe H\u00e4user mit kunstvoll gearbeiteten Steinb\u00f6gen.<\/p>\n<h3>Was man in der Umgebung von Carmona tun kann<\/h3>\n<p>Wenn man Carmona in Richtung Osten verl\u00e4sst, erreicht man das Cabu\u00e9rniga-Tal (durchquert vom bereits erw\u00e4hnten Saja-Fluss) und sucht die Ortschaft Ruente. Die Fuentona de Ruente ist eine bemerkenswerte Quelle, die in einer H\u00f6hle entspringt und zu einem rei\u00dfenden Bach wird. Folgt man ihrem Lauf, f\u00fchrt sie bis zur ber\u00fchmten Steinbr\u00fccke mit acht B\u00f6gen. Apropos: Es wird gesagt, dass in der Quelle eine Anjana lebt \u2013 eine gute Fee aus der kantabrischen Mythologie, die den Wasserfluss nach Belieben reguliert.<\/p>\n<p>Wenn man Carmona in Richtung Westen verl\u00e4sst, sollte man dem GPS eine klare Anweisung geben: Es ist Zeit, uns zur Soplao-H\u00f6hle zu bringen, die als &#8222;Sixtinische Kapelle&#8220; der kantabrischen Geologie gilt. Diese nat\u00fcrliche H\u00f6hle beherbergt eine au\u00dfergew\u00f6hnliche Vielzahl an einzigartigen Felsformationen wie Stalaktiten, Stalagmiten und allerlei Kuriosit\u00e4ten in unterschiedlichen Gr\u00f6\u00dfen und Farben.<\/p>\n<h2><img loading=\"lazy\" decoding=\"async\" class=\"alignnone size-full wp-image-2374\" src=\"https:\/\/ingreenspain.es\/wp-content\/uploads\/2025\/01\/Taramundi.png\" alt=\"\" width=\"1440\" height=\"960\" srcset=\"https:\/\/ingreenspain.es\/wp-content\/uploads\/2025\/01\/Taramundi.png 1440w, https:\/\/ingreenspain.es\/wp-content\/uploads\/2025\/01\/Taramundi-300x200.png 300w, https:\/\/ingreenspain.es\/wp-content\/uploads\/2025\/01\/Taramundi-1024x683.png 1024w\" sizes=\"auto, (max-width: 1440px) 100vw, 1440px\" \/><\/h2>\n<h2><strong>Taramundi (Asturien)<\/strong><\/h2>\n<h3>Was man in Taramundi sehen kann<\/h3>\n<p><a href=\"https:\/\/www.turismoasturias.es\/de\/descubre\/donde-ir\/municipios\/taramundi\" target=\"_blank\" rel=\"noopener\">Taramundi<\/a> ist die bedeutendste Stadt der Gemeinde Taramundi, ein asturisches Gebiet, das in den Falten einer bergigen Geografie verborgen liegt und an die galizische Provinz Lugo grenzt. Es scheint Teil einer abgelegenen Region zu sein, liegt jedoch nur drei\u00dfig Kilometer von der K\u00fcste entfernt: Eine halbe Stunde Fahrt gen\u00fcgt, um von den weiten Landschaften der Ribadeo-M\u00fcndung zu diesem gr\u00fcnen Fleck zu gelangen. Diese 30 Minuten voller Rias, B\u00e4che, W\u00e4lder und Klippen tragen auch einen Namen: <a href=\"https:\/\/www.turismoasturias.es\/de\/descubre\/naturaleza\/reservas-de-la-biosfera\/oscos-eo\" target=\"_blank\" rel=\"noopener\">Biosph\u00e4renreservat R\u00edo Eo, Oscos und Terras de Bur\u00f3n<\/a>.<\/p>\n<p>Viele kennen Taramundi dank der wertvollen Objekte, die buchst\u00e4blich auf diesem Land geschmiedet werden: seiner charakteristischen Messer und Taschenmesser. Diese St\u00fccke sind ein getreues Spiegelbild der Landschaft dieses asturischen Winkels: zahlreiche B\u00e4che, Fl\u00fcsse und Wasserl\u00e4ufe, die neben Wasser auch die hydraulische Energie transportierten, die die Bewohner zu nutzen wussten. Diese ganze Geschichte wird in zwei unverzichtbaren Museen auf angenehme Weise erz\u00e4hlt: dem Casa Museo del Cuchiller\u00eda Tradicional de Taramundi, in dem das gr\u00f6\u00dfte Messer der Welt aufbewahrt wird! (das nat\u00fcrlich leicht zug\u00e4nglich ist), oder dem Handwerksmuseum in Taramundi.<\/p>\n<p>Taramundi hat die ideale Gr\u00f6\u00dfe, um ziellos und ohne Eile durch die Stra\u00dfen zu schlendern, die Kirche San Mart\u00edn (und ihren schlanken Glockenturm) zu besuchen und eine Kuriosit\u00e4t aus der Bronzezeit zu entdecken: den Castro de Os Castros, ein befestigtes Dorf, das der Ankunft der R\u00f6mer auf der Iberischen Halbinsel vorausgeht.<\/p>\n<h3>Was man in der Umgebung von Taramundi tun kann<\/h3>\n<p>Ein kurzer Spaziergang von wenigen Minuten f\u00fchrt nach Mazonovo, wo sich das gr\u00f6\u00dfte M\u00fchlenmuseum Spaniens befindet, mit 19 hydraulischen Wundern, die noch immer funktionieren. Wer gerne mehr l\u00e4uft, kann die gesamte Route des Wasserwegs machen, der fast 15 Kilometer misst.<\/p>\n<p>Flussaufw\u00e4rts gelangt man bald nach <a href=\"https:\/\/www.turismoasturias.es\/de\/descubre\/cultura\/museos-y-espacios-culturales\/colecciones-museograficas\/museo-etnografico-de-esquios\" target=\"_blank\" rel=\"noopener\">Os Esqu\u00edos<\/a>, ein weiteres Fragment der Vergangenheit, das fast unber\u00fchrt bis heute \u00fcberlebt hat. Es umfasst die Kapelle Santo Domingo, den kleinen Stadtkern und, ganz in der N\u00e4he, das Ethnographische Museum von Esqu\u00edos, mit \u00fcber tausend St\u00fccken und antiken Gegenst\u00e4nden, die das l\u00e4ndliche und kulturelle Erbe der Region w\u00fcrdigen. \u00c4hnliche Orte? Das <a href=\"https:\/\/www.turismoasturias.es\/de\/descubre\/cultura\/museos-y-espacios-culturales\/otros-espacios\/conjunto-etnografico-de-os-teixois\" target=\"_blank\" rel=\"noopener\">ethnographische Ensemble von Os Teixois<\/a>, eine Art &#8222;industrielle Zone&#8220; der Vergangenheit mit jahrhundertealter Geschichte.<\/p>\n<p><img loading=\"lazy\" decoding=\"async\" class=\"alignnone size-full wp-image-2380\" src=\"https:\/\/ingreenspain.es\/wp-content\/uploads\/2025\/01\/castro-caldelas-2.png\" alt=\"\" width=\"1440\" height=\"960\" srcset=\"https:\/\/ingreenspain.es\/wp-content\/uploads\/2025\/01\/castro-caldelas-2.png 1440w, https:\/\/ingreenspain.es\/wp-content\/uploads\/2025\/01\/castro-caldelas-2-300x200.png 300w, https:\/\/ingreenspain.es\/wp-content\/uploads\/2025\/01\/castro-caldelas-2-1024x683.png 1024w\" sizes=\"auto, (max-width: 1440px) 100vw, 1440px\" \/><\/p>\n<h2><strong>O Castro de Caldelas, Orense (Galicien)<\/strong><\/h2>\n<h3>Was man in O Castro de Caldelas sehen kann<\/h3>\n<p><a href=\"https:\/\/www.turismo.gal\/localizador-de-recursos\/-\/sit\/was-besichtigen\/castro-caldelas?langId=de_DE\" target=\"_blank\" rel=\"noopener\">O Castro Caldelas<\/a> ist eines der versteckten Juwelen der Ribeira Sacra, was viel bedeutet, da diese galizische Region voller Superlative ist: Sie beherbergt die gr\u00f6\u00dfte Konzentration romanischer Tempel in Europa, eine atemberaubende Fluss-Schlucht (die des Sil-Flusses) und eine Weinherkunftsbezeichnung (D.O. Ribeira Sacra), deren Weine weltbekannt sind. Und dann ist da nat\u00fcrlich noch O Castro de Caldelas.<\/p>\n<p>Die Burg der Grafen von Lemos ist der gro\u00dfe Pflichtbesuch. Es ist unm\u00f6glich, sie zu ignorieren, denn diese Festung aus dem 14. Jahrhundert, die auf dem Gipfel thront, beherrscht nicht nur das Dorf, sondern auch alle umliegenden Landschaften. Niemand im Tal des Edo-Flusses bewegt sich, ohne dass die Festung es wahrnimmt. Heute beherbergt das Geb\u00e4ude das sehr interessante Arch\u00e4ologische und Ethnographische Museum.<\/p>\n<p>Es spielt keine Rolle, ob das Wetter nicht mitspielt, denn O Castro de Caldelas wurde zum Schutz der Spazierg\u00e4nger entworfen: enge Stra\u00dfen, gepflasterte Wege oder Arkaden, unter denen man Zuflucht findet, wie die in der Praza da Torre. Es ist immer ein Vergn\u00fcgen, in den Stra\u00dfen Sol und Grande nach versteckten Ecken oder der Kirche Santa Isabel zu suchen, die das Dorf im Norden abschlie\u00dft.<\/p>\n<h3>Was man in der Umgebung von O Castro de Caldelas tun kann<\/h3>\n<p>Wenn wir nur ein romanisches Denkmal in der <a href=\"https:\/\/www.turismo.gal\/que-visitar\/xeodestinos\/ribeira-sacra?langId=de_DE\" target=\"_blank\" rel=\"noopener\">Ribeira Sacra<\/a> besuchen m\u00fcssten, k\u00f6nnte es das <a href=\"https:\/\/www.turismo.gal\/recurso\/-\/detalle\/5211\/santa-cristina-de-ribas-de-sil?langId=es_ES&amp;tp=8&amp;ctre=33\" target=\"_blank\" rel=\"noopener\">Kloster Santa Cristina de Ribas de Sil<\/a> sein. Und das nicht nur wegen seines unsch\u00e4tzbaren k\u00fcnstlerischen Wertes, sondern auch, weil der Lauf der Zeit und die unaufh\u00f6rliche Wirkung der galizischen Feuchtigkeit es sehr gut behandelt haben. Vergessen wir nicht, nach der Rosette an der Fassade, den erotischen Kragsteinen oder dem &#8222;armarium claustri&#8220; zu suchen, in dem die M\u00f6nche ihre B\u00fccher w\u00e4hrend der Spazierg\u00e4nge aufbewahrten.<\/p>\n<p>&#8211; Die Schlucht des Sil-Flusses ist eine so weite Landschaft, dass man einen ganzen Tag damit verbringen k\u00f6nnte, von einem Aussichtspunkt zum anderen zu fahren, ohne jemals die Begeisterung der Reisenden zu verlieren. Welcher Aussichtspunkt liegt O Castro de Caldelas am n\u00e4chsten? Der Mirador de As Penas de Matac\u00e1s. Der bekannteste der Region? Der Mirador Os Balc\u00f3ns de Madrid.<\/p>\n","protected":false},"excerpt":{"rendered":"<p>M\u00f6chten Sie gem\u00fctliche D\u00f6rfer entdecken, um sich mit der Natur zu verbinden? Wandern Sie gerne und erkunden Sie das l\u00e4ndliche Erbe unserer Vorfahren? Suchen Sie nach bezaubernden Orten, um Ihre Instagram-Follower zu beeindrucken? Wir haben vier D\u00f6rfer im Gr\u00fcnen Spanien mit unwiderstehlichem Charme ausgew\u00e4hlt, die sowohl im Winter als auch im Sommer genossen werden k\u00f6nnen&#8230;.<\/p>\n","protected":false},"author":1,"featured_media":2369,"comment_status":"open","ping_status":"open","sticky":false,"template":"","format":"standard","meta":{"_acf_changed":false,"footnotes":""},"categories":[65,70,66,71],"tags":[],"class_list":["post-2391","post","type-post","status-publish","format-standard","has-post-thumbnail","hentry","category-asturien","category-baskenland","category-cantabrien","category-galicien"],"acf":[],"yoast_head":"<!-- This site is optimized with the Yoast SEO plugin v27.5 - https:\/\/yoast.com\/product\/yoast-seo-wordpress\/ -->\n<title>Vier D\u00f6rfer im Gr\u00fcnen Spanien mit (viel) Charme, die nach Holz duften - Gr\u00fcnes Spanien<\/title>\n<meta name=\"robots\" content=\"index, follow, max-snippet:-1, max-image-preview:large, max-video-preview:-1\" \/>\n<link rel=\"canonical\" href=\"https:\/\/ingreenspain.es\/de\/vier-doerfer-im-gruenen-spanien-mit-viel-charme-die-nach-holz-duften\/\" \/>\n<meta property=\"og:locale\" content=\"de_DE\" \/>\n<meta property=\"og:type\" content=\"article\" \/>\n<meta property=\"og:title\" content=\"Vier D\u00f6rfer im Gr\u00fcnen Spanien mit (viel) Charme, die nach Holz duften - Gr\u00fcnes Spanien\" \/>\n<meta property=\"og:description\" content=\"M\u00f6chten Sie gem\u00fctliche D\u00f6rfer entdecken, um sich mit der Natur zu verbinden? Wandern Sie gerne und erkunden Sie das l\u00e4ndliche Erbe unserer Vorfahren? Suchen Sie nach bezaubernden Orten, um Ihre Instagram-Follower zu beeindrucken? Wir haben vier D\u00f6rfer im Gr\u00fcnen Spanien mit unwiderstehlichem Charme ausgew\u00e4hlt, die sowohl im Winter als auch im Sommer genossen werden k\u00f6nnen....\" \/>\n<meta property=\"og:url\" content=\"https:\/\/ingreenspain.es\/de\/vier-doerfer-im-gruenen-spanien-mit-viel-charme-die-nach-holz-duften\/\" \/>\n<meta property=\"og:site_name\" content=\"Gr\u00fcnes Spanien\" \/>\n<meta property=\"article:publisher\" content=\"https:\/\/www.facebook.com\/InGreenSpain\" \/>\n<meta property=\"article:published_time\" content=\"2025-01-14T15:33:50+00:00\" \/>\n<meta property=\"article:modified_time\" content=\"2025-01-15T10:27:47+00:00\" \/>\n<meta property=\"og:image\" content=\"https:\/\/ingreenspain.es\/wp-content\/uploads\/2025\/01\/Castro-caldelas.png\" \/>\n\t<meta property=\"og:image:width\" content=\"1440\" \/>\n\t<meta property=\"og:image:height\" content=\"960\" \/>\n\t<meta property=\"og:image:type\" content=\"image\/png\" \/>\n<meta name=\"author\" content=\"admin\" \/>\n<meta name=\"twitter:card\" content=\"summary_large_image\" \/>\n<meta name=\"twitter:label1\" content=\"Verfasst von\" \/>\n\t<meta name=\"twitter:data1\" content=\"admin\" \/>\n\t<meta name=\"twitter:label2\" content=\"Gesch\u00e4tzte Lesezeit\" \/>\n\t<meta name=\"twitter:data2\" content=\"7\u00a0Minuten\" \/>\n<script type=\"application\/ld+json\" class=\"yoast-schema-graph\">{\"@context\":\"https:\\\/\\\/schema.org\",\"@graph\":[{\"@type\":\"Article\",\"@id\":\"https:\\\/\\\/ingreenspain.es\\\/de\\\/vier-doerfer-im-gruenen-spanien-mit-viel-charme-die-nach-holz-duften\\\/#article\",\"isPartOf\":{\"@id\":\"https:\\\/\\\/ingreenspain.es\\\/de\\\/vier-doerfer-im-gruenen-spanien-mit-viel-charme-die-nach-holz-duften\\\/\"},\"author\":{\"name\":\"admin\",\"@id\":\"https:\\\/\\\/ingreenspain.es\\\/de\\\/#\\\/schema\\\/person\\\/7f2342fb4822b27fc17b63c938915742\"},\"headline\":\"Vier D\u00f6rfer im Gr\u00fcnen Spanien mit (viel) Charme, die nach Holz duften\",\"datePublished\":\"2025-01-14T15:33:50+00:00\",\"dateModified\":\"2025-01-15T10:27:47+00:00\",\"mainEntityOfPage\":{\"@id\":\"https:\\\/\\\/ingreenspain.es\\\/de\\\/vier-doerfer-im-gruenen-spanien-mit-viel-charme-die-nach-holz-duften\\\/\"},\"wordCount\":1537,\"commentCount\":0,\"publisher\":{\"@id\":\"https:\\\/\\\/ingreenspain.es\\\/de\\\/#organization\"},\"image\":{\"@id\":\"https:\\\/\\\/ingreenspain.es\\\/de\\\/vier-doerfer-im-gruenen-spanien-mit-viel-charme-die-nach-holz-duften\\\/#primaryimage\"},\"thumbnailUrl\":\"https:\\\/\\\/ingreenspain.es\\\/wp-content\\\/uploads\\\/2025\\\/01\\\/Castro-caldelas.png\",\"articleSection\":[\"Asturien\",\"Baskenland\",\"Cantabrien\",\"Galicien\"],\"inLanguage\":\"de\",\"potentialAction\":[{\"@type\":\"CommentAction\",\"name\":\"Comment\",\"target\":[\"https:\\\/\\\/ingreenspain.es\\\/de\\\/vier-doerfer-im-gruenen-spanien-mit-viel-charme-die-nach-holz-duften\\\/#respond\"]}]},{\"@type\":\"WebPage\",\"@id\":\"https:\\\/\\\/ingreenspain.es\\\/de\\\/vier-doerfer-im-gruenen-spanien-mit-viel-charme-die-nach-holz-duften\\\/\",\"url\":\"https:\\\/\\\/ingreenspain.es\\\/de\\\/vier-doerfer-im-gruenen-spanien-mit-viel-charme-die-nach-holz-duften\\\/\",\"name\":\"Vier D\u00f6rfer im Gr\u00fcnen Spanien mit (viel) Charme, die nach Holz duften - Gr\u00fcnes Spanien\",\"isPartOf\":{\"@id\":\"https:\\\/\\\/ingreenspain.es\\\/de\\\/#website\"},\"primaryImageOfPage\":{\"@id\":\"https:\\\/\\\/ingreenspain.es\\\/de\\\/vier-doerfer-im-gruenen-spanien-mit-viel-charme-die-nach-holz-duften\\\/#primaryimage\"},\"image\":{\"@id\":\"https:\\\/\\\/ingreenspain.es\\\/de\\\/vier-doerfer-im-gruenen-spanien-mit-viel-charme-die-nach-holz-duften\\\/#primaryimage\"},\"thumbnailUrl\":\"https:\\\/\\\/ingreenspain.es\\\/wp-content\\\/uploads\\\/2025\\\/01\\\/Castro-caldelas.png\",\"datePublished\":\"2025-01-14T15:33:50+00:00\",\"dateModified\":\"2025-01-15T10:27:47+00:00\",\"breadcrumb\":{\"@id\":\"https:\\\/\\\/ingreenspain.es\\\/de\\\/vier-doerfer-im-gruenen-spanien-mit-viel-charme-die-nach-holz-duften\\\/#breadcrumb\"},\"inLanguage\":\"de\",\"potentialAction\":[{\"@type\":\"ReadAction\",\"target\":[\"https:\\\/\\\/ingreenspain.es\\\/de\\\/vier-doerfer-im-gruenen-spanien-mit-viel-charme-die-nach-holz-duften\\\/\"]}]},{\"@type\":\"ImageObject\",\"inLanguage\":\"de\",\"@id\":\"https:\\\/\\\/ingreenspain.es\\\/de\\\/vier-doerfer-im-gruenen-spanien-mit-viel-charme-die-nach-holz-duften\\\/#primaryimage\",\"url\":\"https:\\\/\\\/ingreenspain.es\\\/wp-content\\\/uploads\\\/2025\\\/01\\\/Castro-caldelas.png\",\"contentUrl\":\"https:\\\/\\\/ingreenspain.es\\\/wp-content\\\/uploads\\\/2025\\\/01\\\/Castro-caldelas.png\",\"width\":1440,\"height\":960},{\"@type\":\"BreadcrumbList\",\"@id\":\"https:\\\/\\\/ingreenspain.es\\\/de\\\/vier-doerfer-im-gruenen-spanien-mit-viel-charme-die-nach-holz-duften\\\/#breadcrumb\",\"itemListElement\":[{\"@type\":\"ListItem\",\"position\":1,\"name\":\"Portada\",\"item\":\"https:\\\/\\\/ingreenspain.es\\\/de\\\/\"},{\"@type\":\"ListItem\",\"position\":2,\"name\":\"Vier D\u00f6rfer im Gr\u00fcnen Spanien mit (viel) Charme, die nach Holz duften\"}]},{\"@type\":\"WebSite\",\"@id\":\"https:\\\/\\\/ingreenspain.es\\\/de\\\/#website\",\"url\":\"https:\\\/\\\/ingreenspain.es\\\/de\\\/\",\"name\":\"Espa\u00f1a Verde\",\"description\":\"Atlantik f\u00fcr Genie\",\"publisher\":{\"@id\":\"https:\\\/\\\/ingreenspain.es\\\/de\\\/#organization\"},\"potentialAction\":[{\"@type\":\"SearchAction\",\"target\":{\"@type\":\"EntryPoint\",\"urlTemplate\":\"https:\\\/\\\/ingreenspain.es\\\/de\\\/?s={search_term_string}\"},\"query-input\":{\"@type\":\"PropertyValueSpecification\",\"valueRequired\":true,\"valueName\":\"search_term_string\"}}],\"inLanguage\":\"de\"},{\"@type\":\"Organization\",\"@id\":\"https:\\\/\\\/ingreenspain.es\\\/de\\\/#organization\",\"name\":\"Espa\u00f1a Verde\",\"url\":\"https:\\\/\\\/ingreenspain.es\\\/de\\\/\",\"logo\":{\"@type\":\"ImageObject\",\"inLanguage\":\"de\",\"@id\":\"https:\\\/\\\/ingreenspain.es\\\/de\\\/#\\\/schema\\\/logo\\\/image\\\/\",\"url\":\"https:\\\/\\\/ingreenspain.es\\\/wp-content\\\/uploads\\\/2024\\\/05\\\/logoEV.png\",\"contentUrl\":\"https:\\\/\\\/ingreenspain.es\\\/wp-content\\\/uploads\\\/2024\\\/05\\\/logoEV.png\",\"width\":125,\"height\":40,\"caption\":\"Espa\u00f1a Verde\"},\"image\":{\"@id\":\"https:\\\/\\\/ingreenspain.es\\\/de\\\/#\\\/schema\\\/logo\\\/image\\\/\"},\"sameAs\":[\"https:\\\/\\\/www.facebook.com\\\/InGreenSpain\",\"https:\\\/\\\/www.instagram.com\\\/ingreenspain\",\"https:\\\/\\\/www.youtube.com\\\/@INGREENSPAIN\"]},{\"@type\":\"Person\",\"@id\":\"https:\\\/\\\/ingreenspain.es\\\/de\\\/#\\\/schema\\\/person\\\/7f2342fb4822b27fc17b63c938915742\",\"name\":\"admin\",\"image\":{\"@type\":\"ImageObject\",\"inLanguage\":\"de\",\"@id\":\"https:\\\/\\\/secure.gravatar.com\\\/avatar\\\/d903daf71b546605502fd9841b9dc598cc8d3a04ee26680ca18eb3633e5209be?s=96&d=mm&r=g\",\"url\":\"https:\\\/\\\/secure.gravatar.com\\\/avatar\\\/d903daf71b546605502fd9841b9dc598cc8d3a04ee26680ca18eb3633e5209be?s=96&d=mm&r=g\",\"contentUrl\":\"https:\\\/\\\/secure.gravatar.com\\\/avatar\\\/d903daf71b546605502fd9841b9dc598cc8d3a04ee26680ca18eb3633e5209be?s=96&d=mm&r=g\",\"caption\":\"admin\"},\"sameAs\":[\"https:\\\/\\\/ingreenspain.es\"],\"url\":\"https:\\\/\\\/ingreenspain.es\\\/de\\\/author\\\/moon\\\/\"}]}<\/script>\n<!-- \/ Yoast SEO plugin. -->","yoast_head_json":{"title":"Vier D\u00f6rfer im Gr\u00fcnen Spanien mit (viel) Charme, die nach Holz duften - Gr\u00fcnes Spanien","robots":{"index":"index","follow":"follow","max-snippet":"max-snippet:-1","max-image-preview":"max-image-preview:large","max-video-preview":"max-video-preview:-1"},"canonical":"https:\/\/ingreenspain.es\/de\/vier-doerfer-im-gruenen-spanien-mit-viel-charme-die-nach-holz-duften\/","og_locale":"de_DE","og_type":"article","og_title":"Vier D\u00f6rfer im Gr\u00fcnen Spanien mit (viel) Charme, die nach Holz duften - Gr\u00fcnes Spanien","og_description":"M\u00f6chten Sie gem\u00fctliche D\u00f6rfer entdecken, um sich mit der Natur zu verbinden? Wandern Sie gerne und erkunden Sie das l\u00e4ndliche Erbe unserer Vorfahren? Suchen Sie nach bezaubernden Orten, um Ihre Instagram-Follower zu beeindrucken? Wir haben vier D\u00f6rfer im Gr\u00fcnen Spanien mit unwiderstehlichem Charme ausgew\u00e4hlt, die sowohl im Winter als auch im Sommer genossen werden k\u00f6nnen....","og_url":"https:\/\/ingreenspain.es\/de\/vier-doerfer-im-gruenen-spanien-mit-viel-charme-die-nach-holz-duften\/","og_site_name":"Gr\u00fcnes Spanien","article_publisher":"https:\/\/www.facebook.com\/InGreenSpain","article_published_time":"2025-01-14T15:33:50+00:00","article_modified_time":"2025-01-15T10:27:47+00:00","og_image":[{"width":1440,"height":960,"url":"https:\/\/ingreenspain.es\/wp-content\/uploads\/2025\/01\/Castro-caldelas.png","type":"image\/png"}],"author":"admin","twitter_card":"summary_large_image","twitter_misc":{"Verfasst von":"admin","Gesch\u00e4tzte Lesezeit":"7\u00a0Minuten"},"schema":{"@context":"https:\/\/schema.org","@graph":[{"@type":"Article","@id":"https:\/\/ingreenspain.es\/de\/vier-doerfer-im-gruenen-spanien-mit-viel-charme-die-nach-holz-duften\/#article","isPartOf":{"@id":"https:\/\/ingreenspain.es\/de\/vier-doerfer-im-gruenen-spanien-mit-viel-charme-die-nach-holz-duften\/"},"author":{"name":"admin","@id":"https:\/\/ingreenspain.es\/de\/#\/schema\/person\/7f2342fb4822b27fc17b63c938915742"},"headline":"Vier D\u00f6rfer im Gr\u00fcnen Spanien mit (viel) Charme, die nach Holz duften","datePublished":"2025-01-14T15:33:50+00:00","dateModified":"2025-01-15T10:27:47+00:00","mainEntityOfPage":{"@id":"https:\/\/ingreenspain.es\/de\/vier-doerfer-im-gruenen-spanien-mit-viel-charme-die-nach-holz-duften\/"},"wordCount":1537,"commentCount":0,"publisher":{"@id":"https:\/\/ingreenspain.es\/de\/#organization"},"image":{"@id":"https:\/\/ingreenspain.es\/de\/vier-doerfer-im-gruenen-spanien-mit-viel-charme-die-nach-holz-duften\/#primaryimage"},"thumbnailUrl":"https:\/\/ingreenspain.es\/wp-content\/uploads\/2025\/01\/Castro-caldelas.png","articleSection":["Asturien","Baskenland","Cantabrien","Galicien"],"inLanguage":"de","potentialAction":[{"@type":"CommentAction","name":"Comment","target":["https:\/\/ingreenspain.es\/de\/vier-doerfer-im-gruenen-spanien-mit-viel-charme-die-nach-holz-duften\/#respond"]}]},{"@type":"WebPage","@id":"https:\/\/ingreenspain.es\/de\/vier-doerfer-im-gruenen-spanien-mit-viel-charme-die-nach-holz-duften\/","url":"https:\/\/ingreenspain.es\/de\/vier-doerfer-im-gruenen-spanien-mit-viel-charme-die-nach-holz-duften\/","name":"Vier D\u00f6rfer im Gr\u00fcnen Spanien mit (viel) Charme, die nach Holz duften - Gr\u00fcnes Spanien","isPartOf":{"@id":"https:\/\/ingreenspain.es\/de\/#website"},"primaryImageOfPage":{"@id":"https:\/\/ingreenspain.es\/de\/vier-doerfer-im-gruenen-spanien-mit-viel-charme-die-nach-holz-duften\/#primaryimage"},"image":{"@id":"https:\/\/ingreenspain.es\/de\/vier-doerfer-im-gruenen-spanien-mit-viel-charme-die-nach-holz-duften\/#primaryimage"},"thumbnailUrl":"https:\/\/ingreenspain.es\/wp-content\/uploads\/2025\/01\/Castro-caldelas.png","datePublished":"2025-01-14T15:33:50+00:00","dateModified":"2025-01-15T10:27:47+00:00","breadcrumb":{"@id":"https:\/\/ingreenspain.es\/de\/vier-doerfer-im-gruenen-spanien-mit-viel-charme-die-nach-holz-duften\/#breadcrumb"},"inLanguage":"de","potentialAction":[{"@type":"ReadAction","target":["https:\/\/ingreenspain.es\/de\/vier-doerfer-im-gruenen-spanien-mit-viel-charme-die-nach-holz-duften\/"]}]},{"@type":"ImageObject","inLanguage":"de","@id":"https:\/\/ingreenspain.es\/de\/vier-doerfer-im-gruenen-spanien-mit-viel-charme-die-nach-holz-duften\/#primaryimage","url":"https:\/\/ingreenspain.es\/wp-content\/uploads\/2025\/01\/Castro-caldelas.png","contentUrl":"https:\/\/ingreenspain.es\/wp-content\/uploads\/2025\/01\/Castro-caldelas.png","width":1440,"height":960},{"@type":"BreadcrumbList","@id":"https:\/\/ingreenspain.es\/de\/vier-doerfer-im-gruenen-spanien-mit-viel-charme-die-nach-holz-duften\/#breadcrumb","itemListElement":[{"@type":"ListItem","position":1,"name":"Portada","item":"https:\/\/ingreenspain.es\/de\/"},{"@type":"ListItem","position":2,"name":"Vier D\u00f6rfer im Gr\u00fcnen Spanien mit (viel) Charme, die nach Holz duften"}]},{"@type":"WebSite","@id":"https:\/\/ingreenspain.es\/de\/#website","url":"https:\/\/ingreenspain.es\/de\/","name":"Espa\u00f1a Verde","description":"Atlantik f\u00fcr Genie","publisher":{"@id":"https:\/\/ingreenspain.es\/de\/#organization"},"potentialAction":[{"@type":"SearchAction","target":{"@type":"EntryPoint","urlTemplate":"https:\/\/ingreenspain.es\/de\/?s={search_term_string}"},"query-input":{"@type":"PropertyValueSpecification","valueRequired":true,"valueName":"search_term_string"}}],"inLanguage":"de"},{"@type":"Organization","@id":"https:\/\/ingreenspain.es\/de\/#organization","name":"Espa\u00f1a Verde","url":"https:\/\/ingreenspain.es\/de\/","logo":{"@type":"ImageObject","inLanguage":"de","@id":"https:\/\/ingreenspain.es\/de\/#\/schema\/logo\/image\/","url":"https:\/\/ingreenspain.es\/wp-content\/uploads\/2024\/05\/logoEV.png","contentUrl":"https:\/\/ingreenspain.es\/wp-content\/uploads\/2024\/05\/logoEV.png","width":125,"height":40,"caption":"Espa\u00f1a Verde"},"image":{"@id":"https:\/\/ingreenspain.es\/de\/#\/schema\/logo\/image\/"},"sameAs":["https:\/\/www.facebook.com\/InGreenSpain","https:\/\/www.instagram.com\/ingreenspain","https:\/\/www.youtube.com\/@INGREENSPAIN"]},{"@type":"Person","@id":"https:\/\/ingreenspain.es\/de\/#\/schema\/person\/7f2342fb4822b27fc17b63c938915742","name":"admin","image":{"@type":"ImageObject","inLanguage":"de","@id":"https:\/\/secure.gravatar.com\/avatar\/d903daf71b546605502fd9841b9dc598cc8d3a04ee26680ca18eb3633e5209be?s=96&d=mm&r=g","url":"https:\/\/secure.gravatar.com\/avatar\/d903daf71b546605502fd9841b9dc598cc8d3a04ee26680ca18eb3633e5209be?s=96&d=mm&r=g","contentUrl":"https:\/\/secure.gravatar.com\/avatar\/d903daf71b546605502fd9841b9dc598cc8d3a04ee26680ca18eb3633e5209be?s=96&d=mm&r=g","caption":"admin"},"sameAs":["https:\/\/ingreenspain.es"],"url":"https:\/\/ingreenspain.es\/de\/author\/moon\/"}]}},"_links":{"self":[{"href":"https:\/\/ingreenspain.es\/de\/wp-json\/wp\/v2\/posts\/2391","targetHints":{"allow":["GET"]}}],"collection":[{"href":"https:\/\/ingreenspain.es\/de\/wp-json\/wp\/v2\/posts"}],"about":[{"href":"https:\/\/ingreenspain.es\/de\/wp-json\/wp\/v2\/types\/post"}],"author":[{"embeddable":true,"href":"https:\/\/ingreenspain.es\/de\/wp-json\/wp\/v2\/users\/1"}],"replies":[{"embeddable":true,"href":"https:\/\/ingreenspain.es\/de\/wp-json\/wp\/v2\/comments?post=2391"}],"version-history":[{"count":1,"href":"https:\/\/ingreenspain.es\/de\/wp-json\/wp\/v2\/posts\/2391\/revisions"}],"predecessor-version":[{"id":2392,"href":"https:\/\/ingreenspain.es\/de\/wp-json\/wp\/v2\/posts\/2391\/revisions\/2392"}],"wp:featuredmedia":[{"embeddable":true,"href":"https:\/\/ingreenspain.es\/de\/wp-json\/wp\/v2\/media\/2369"}],"wp:attachment":[{"href":"https:\/\/ingreenspain.es\/de\/wp-json\/wp\/v2\/media?parent=2391"}],"wp:term":[{"taxonomy":"category","embeddable":true,"href":"https:\/\/ingreenspain.es\/de\/wp-json\/wp\/v2\/categories?post=2391"},{"taxonomy":"post_tag","embeddable":true,"href":"https:\/\/ingreenspain.es\/de\/wp-json\/wp\/v2\/tags?post=2391"}],"curies":[{"name":"wp","href":"https:\/\/api.w.org\/{rel}","templated":true}]}}